{"id":956,"date":"2015-08-03T13:54:40","date_gmt":"2015-08-03T16:54:40","guid":{"rendered":"http:\/\/radioportodocapim.com.br\/?p=956"},"modified":"2015-08-03T15:05:05","modified_gmt":"2015-08-03T18:05:05","slug":"varadouro-cultural-centro-historico-de-joao-pessoa-esta-vivo-mas-precisa-de-cuidados-urgentes","status":"publish","type":"post","link":"https:\/\/www.radioportodocapim.ufpb.br\/?p=956","title":{"rendered":"Varadouro Cultural: Centro Hist\u00f3rico de Jo\u00e3o Pessoa est\u00e1 vivo, mas precisa de cuidados urgentes!"},"content":{"rendered":"<p style=\"text-align: justify;\"><a href=\"http:\/\/www.radioportodocapim.ufpb.br\/wp-content\/uploads\/2015\/08\/varadouro.jpg\" data-rel=\"lightbox-image-0\" data-rl_title=\"\" data-rl_caption=\"\" title=\"\"><img loading=\"lazy\" decoding=\"async\" class=\"alignleft size-full wp-image-958\" src=\"http:\/\/www.radioportodocapim.ufpb.br\/wp-content\/uploads\/2015\/08\/varadouro.jpg\" alt=\"varadouro\" width=\"482\" height=\"474\" srcset=\"https:\/\/radioportodocapim.ufpb.br\/wp-content\/uploads\/2015\/08\/varadouro.jpg 482w, https:\/\/radioportodocapim.ufpb.br\/wp-content\/uploads\/2015\/08\/varadouro-300x295.jpg 300w\" sizes=\"auto, (max-width: 482px) 100vw, 482px\" \/><\/a>Completando 430 anos, a cidade de Jo\u00e3o Pessoa, capital da Para\u00edba, possui o 3\u00ba Centro Hist\u00f3rico mais antigo do pa\u00eds, tombado pelo Instituto do Patrim\u00f4nio Hist\u00f3rico Nacional-IPHAN. \u00c9 nessa \u00e1rea, \u00e0 beira do Rio Sanhau\u00e1, que foi constru\u00eddo o primeiro porto da cidade, mais tarde desativado e substitu\u00eddo pelo porto de Cabedelo, dando origem naquele lugar \u00e0 comunidade do Porto do Capim, existente at\u00e9 hoje. Antes uma \u00e1rea nobre, com o passar do tempo e a migra\u00e7\u00e3o da popula\u00e7\u00e3o para a orla e outros bairros, o centro hist\u00f3rico da cidade foi sendo abandonado e passou por v\u00e1rias tentativas de revitaliza\u00e7\u00e3o, que atrav\u00e9s de grandes e ineficazes projetos de interven\u00e7\u00e3o do poder p\u00fablico, fizeram a regi\u00e3o voltar a cair no esquecimento, se tornando cada vez mais a \u201ccidade velha\u201d que vai tombando e junto com ela parte de nossa hist\u00f3ria, identidade e cultura.<\/p>\n<p style=\"text-align: justify;\">Por\u00e9m, nos \u00faltimos 10 anos, com a \u00faltima onda de ocupa\u00e7\u00e3o da \u00e1rea por grupos culturais de car\u00e1ter mais coletivo e colaborativo, nasce o movimento Varadouro Cultural, provando que o centro est\u00e1 vivo, ainda que precisando de muita sensibilidade e cuidados por parte do poder p\u00fablico. O que n\u00e3o tem impedido, por exemplo, que s\u00f3 a \u00e1rea da Pra\u00e7a Antenor Navarro e Largo de S\u00e3o Pedro (mesmo com o Hotel Globo fechado) receba mais de 10 mil turistas por m\u00eas, de acordo com um dos guias que trabalha na regi\u00e3o, ainda que grande parte da popula\u00e7\u00e3o da pr\u00f3pria cidade sequer conhe\u00e7a nosso patrim\u00f4nio hist\u00f3rico.<\/p>\n<p style=\"text-align: justify;\"><strong>Quem somos? ou Somos o Futuro!<\/strong><br \/>\nO Varadouro Cultural \u00e9 um movimento social da cultura que se organiza atrav\u00e9s de uma rede de espa\u00e7os, agentes culturais e iniciativas criativas com foco de atua\u00e7\u00e3o num mesmo recorte territorial: o Centro Hist\u00f3rico da capital paraibana. Para al\u00e9m da homenagem ao bairro mais antigo da cidade &#8211; o Varadouro &#8211; o movimento abrange tamb\u00e9m outros bairros e comunidades ao seu entorno, como Porto do Capim, R\u00f3ger e Centro.<\/p>\n<p style=\"text-align: justify;\">Comp\u00f5em o cen\u00e1rio criativo da rede: coletivos, associa\u00e7\u00f5es, produtoras, pequenos empreendimentos, casas de espet\u00e1culos, est\u00fadios, agentes e artistas independentes, entre outros grupos mobilizados em torno dos setores cultural e criativo; que interagem com v\u00ednculos de produ\u00e7\u00e3o e coopera\u00e7\u00e3o na constru\u00e7\u00e3o coletiva de um desenvolvimento socioecon\u00f4mico humanizado e sustent\u00e1vel do territ\u00f3rio, colocando a cultura como eixo central e a criatividade como principal insumo.<\/p>\n<p style=\"text-align: justify;\">O Varadouro Cultural impulsiona o debate sobre o fortalecimento das identidades culturais que se expressam em sua diversidade. Em \u00e2mbito local, estimula oportunidades de gera\u00e7\u00e3o de renda de ocupa\u00e7\u00f5es produtivas dos agentes culturais e empreendimentos que ali atuam, como tamb\u00e9m dos moradores do entorno. A rede ganha notoriedade no \u00e2mbito das pol\u00edticas culturais da cidade, ao passo que se posiciona, formula e dialoga com o poder p\u00fablico, construindo uma cultura participativa e protagonista.<\/p>\n<p style=\"text-align: justify;\">Em 2012 a rede foi reconhecida e premiada pelo Minist\u00e9rio da Cultura do Brasil, atrav\u00e9s da Secretaria de Economia Criativa com o Edital de Fomento a Iniciativas Empreendedoras e Inovadoras &#8211; Categoria Modelos de Gest\u00e3o.<br \/>\nO que fazemos? ou Construindo Juntos!<br \/>\nAs principais atividades realizadas pelos agentes, espa\u00e7os e grupos conectados a essa rede s\u00e3o mostras, festivais, shows e exposi\u00e7\u00f5es art\u00edsticas, oficinas e debates de forma\u00e7\u00e3o em diversas \u00e1reas do conhecimento e a\u00e7\u00f5es sociais com as comunidades do entorno (Porto do Capim e R\u00f3ger), compondo um Circuito Cultural efervescente durante todo o ano no Centro Hist\u00f3rico de Jo\u00e3o Pessoa, gra\u00e7as ao trabalho colaborativo de todos que comp\u00f5em o Varadouro Cultural.<br \/>\nAl\u00e9m disso, foi iniciado um mapeamento do Arranjo Criativo Local do centro da cidade, inicialmente de forma independente, em seguida com apoio do Sebrae Para\u00edba, contabilizando mais de 70 iniciativas culturais no territ\u00f3rio, e todas as informa\u00e7\u00f5es devem estar disponibilizadas em breve no portal da rede: www.varadourocultural.org constru\u00eddo com os recursos do pr\u00eamio supracitado.<\/p>\n<p style=\"text-align: justify;\"><strong>O que queremos? ou Agora \u00e9 a hora!<\/strong><br \/>\nNosso objetivo \u00e9 dar visibilidade e potencializar a produ\u00e7\u00e3o cultural que j\u00e1 acontece no territ\u00f3rio com foco na produ\u00e7\u00e3o local, na cultura popular e na cultura independente produzida por micro e pequenos empreendedores e pelos moradores da regi\u00e3o. Estamos transformando socialmente atrav\u00e9s da cria\u00e7\u00e3o, das artes e da cultura, de forma a deixar um legado positivo para o territ\u00f3rio. Tamb\u00e9m est\u00e1 entre nossos objetivos desenvolver estudos e pesquisas sobre a cultura e suas transversalidades com outros setores da sociedade, assim como estabelecer interc\u00e2mbio com agentes e empreendimentos similares da regi\u00e3o Nordeste em particular e das demais regi\u00f5es do pa\u00eds.<\/p>\n<p style=\"text-align: justify;\">Buscamos estimular o desenvolvimento social e econ\u00f4mico do territ\u00f3rio de forma humanizada e sustent\u00e1vel, dialogando com os moradores e os agentes culturais que atuam no centro pois queremos potencializar o Centro Hist\u00f3rico como territ\u00f3rio de refer\u00eancia cultural e criativa da cidade e do estado, sempre respeitando as cren\u00e7as, culturas e etnias, colocando-se assim como um movimento laico.<\/p>\n<p style=\"text-align: justify;\">Entretanto, gostar\u00edamos de destacar um objetivo em especial que temos: Chamar aten\u00e7\u00e3o, pressionar e reivindicar ao poder p\u00fablico em todas as suas inst\u00e2ncias, pol\u00edticas estruturantes que fortale\u00e7am o centro da cidade enquanto territ\u00f3rio criativo e promovam um desenvolvimento sustent\u00e1vel, que dialoguem com moradores, agentes culturais e popula\u00e7\u00e3o em geral.<\/p>\n<p style=\"text-align: justify;\"><strong>Viva o Centro!<\/strong><br \/>\nH\u00e1 muito tempo se fala em revitaliza\u00e7\u00e3o do centro hist\u00f3rico e vem a\u00ed mais um projeto milion\u00e1rio do PAC Cidades Hist\u00f3ricas que pretende destruir um patrim\u00f4nio imaterial nosso, que \u00e9 a comunidade tradicional do Porto do Capim. O centro, o Varadouro e o Porto do Capim n\u00e3o precisam de revitaliza\u00e7\u00e3o, pois j\u00e1 h\u00e1 vida nessa regi\u00e3o e o que a \u00e1rea mais antiga da cidade precisa mesmo \u00e9 respeito, compaix\u00e3o e pol\u00edticas p\u00fablicas nas \u00e1reas de infraestrutura, cultura, educa\u00e7\u00e3o, assist\u00eancia social, habita\u00e7\u00e3o, seguran\u00e7a, turismo, entre outras. \u00c9 preciso enxergar e ouvir quem j\u00e1 d\u00e1 vida ao Centro Hist\u00f3rico o ano inteiro e h\u00e1 muitos anos: os moradores e os produtores culturais; para assim construir uma pol\u00edtica eficaz atrav\u00e9s de a\u00e7\u00f5es concretas e planejadas que n\u00e3o precisam expulsar moradores, destruir parte da nossa hist\u00f3ria ou trazer modelos que j\u00e1 se mostraram fadados ao fracasso em outros s\u00edtios hist\u00f3ricos do pa\u00eds.<\/p>\n<p style=\"text-align: justify;\">Acreditamos que a cultura, as artes e a criatividade tem a din\u00e2mica necess\u00e1ria para que, junto com os moradores da regi\u00e3o que fazem parte dessa hist\u00f3ria, implementemos um modelo justo, humano, comunit\u00e1rio e sustent\u00e1vel de produ\u00e7\u00e3o cultural, turismo, moradia e desenvolvimento. Precisamos que o poder p\u00fablico cumpra seu papel, mas somos a prova viva de que a sociedade civil organizada tamb\u00e9m tem a for\u00e7a da mudan\u00e7a, junte-se a n\u00f3s e #VivaOCentro!<\/p>\n<p style=\"text-align: justify;\">\n<p style=\"text-align: justify;\">\n<p style=\"text-align: justify;\">\n<p style=\"text-align: justify;\">Fonte:<br \/>\nAscom Varadouro Cultural<\/p>\n","protected":false},"excerpt":{"rendered":"<p>Rede colaborativa de cultura transforma \u00e1rea abandonada pelo poder p\u00fablico em territ\u00f3rio criativo e lan\u00e7a portal com mapa cultural do centro.<\/p>\n","protected":false},"author":2,"featured_media":958,"comment_status":"open","ping_status":"open","sticky":false,"template":"","format":"standard","meta":{"footnotes":""},"categories":[1],"tags":[],"class_list":["post-956","post","type-post","status-publish","format-standard","has-post-thumbnail","hentry","category-noticias"],"_links":{"self":[{"href":"https:\/\/www.radioportodocapim.ufpb.br\/index.php?rest_route=\/wp\/v2\/posts\/956","targetHints":{"allow":["GET"]}}],"collection":[{"href":"https:\/\/www.radioportodocapim.ufpb.br\/index.php?rest_route=\/wp\/v2\/posts"}],"about":[{"href":"https:\/\/www.radioportodocapim.ufpb.br\/index.php?rest_route=\/wp\/v2\/types\/post"}],"author":[{"embeddable":true,"href":"https:\/\/www.radioportodocapim.ufpb.br\/index.php?rest_route=\/wp\/v2\/users\/2"}],"replies":[{"embeddable":true,"href":"https:\/\/www.radioportodocapim.ufpb.br\/index.php?rest_route=%2Fwp%2Fv2%2Fcomments&post=956"}],"version-history":[{"count":5,"href":"https:\/\/www.radioportodocapim.ufpb.br\/index.php?rest_route=\/wp\/v2\/posts\/956\/revisions"}],"predecessor-version":[{"id":962,"href":"https:\/\/www.radioportodocapim.ufpb.br\/index.php?rest_route=\/wp\/v2\/posts\/956\/revisions\/962"}],"wp:featuredmedia":[{"embeddable":true,"href":"https:\/\/www.radioportodocapim.ufpb.br\/index.php?rest_route=\/wp\/v2\/media\/958"}],"wp:attachment":[{"href":"https:\/\/www.radioportodocapim.ufpb.br\/index.php?rest_route=%2Fwp%2Fv2%2Fmedia&parent=956"}],"wp:term":[{"taxonomy":"category","embeddable":true,"href":"https:\/\/www.radioportodocapim.ufpb.br\/index.php?rest_route=%2Fwp%2Fv2%2Fcategories&post=956"},{"taxonomy":"post_tag","embeddable":true,"href":"https:\/\/www.radioportodocapim.ufpb.br\/index.php?rest_route=%2Fwp%2Fv2%2Ftags&post=956"}],"curies":[{"name":"wp","href":"https:\/\/api.w.org\/{rel}","templated":true}]}}